{"id":2658,"date":"2023-07-22T15:31:01","date_gmt":"2023-07-22T15:31:01","guid":{"rendered":"http:\/\/www.sergeomin.gob.bo\/?p=2658"},"modified":"2023-08-26T21:36:38","modified_gmt":"2023-08-26T21:36:38","slug":"firma-de-convenio-marco-intergubernativo-entre-el-sergeomin-y-la-gobernacion-de-cochabamba","status":"publish","type":"post","link":"https:\/\/www.sergeomin.gob.bo\/index.php\/2023\/07\/22\/firma-de-convenio-marco-intergubernativo-entre-el-sergeomin-y-la-gobernacion-de-cochabamba\/","title":{"rendered":"Firma de convenio marco intergubernativo entre el SERGEOMIN y la Gobernaci\u00f3n de Cochabamba"},"content":{"rendered":"\t\t<div data-elementor-type=\"wp-post\" data-elementor-id=\"2658\" class=\"elementor elementor-2658\">\n\t\t\t\t\t\t<section class=\"elementor-section elementor-top-section elementor-element elementor-element-1fa9230 elementor-section-boxed elementor-section-height-default elementor-section-height-default\" data-id=\"1fa9230\" data-element_type=\"section\">\n\t\t\t\t\t\t<div class=\"elementor-container elementor-column-gap-default\">\n\t\t\t\t\t<div class=\"elementor-column elementor-col-100 elementor-top-column elementor-element elementor-element-f1da304\" data-id=\"f1da304\" data-element_type=\"column\">\n\t\t\t<div class=\"elementor-widget-wrap elementor-element-populated\">\n\t\t\t\t\t\t<div class=\"elementor-element elementor-element-42f111f elementor-widget elementor-widget-image\" data-id=\"42f111f\" data-element_type=\"widget\" data-widget_type=\"image.default\">\n\t\t\t\t<div class=\"elementor-widget-container\">\n\t\t\t\t\t\t\t\t\t\t\t\t\t<img fetchpriority=\"high\" decoding=\"async\" width=\"640\" height=\"427\" src=\"https:\/\/www.sergeomin.gob.bo\/wp-content\/uploads\/2023\/08\/foto22.jpg\" class=\"attachment-large size-large wp-image-2821\" alt=\"\" \/>\t\t\t\t\t\t\t\t\t\t\t\t\t<\/div>\n\t\t\t\t<\/div>\n\t\t\t\t\t<\/div>\n\t\t<\/div>\n\t\t\t\t\t<\/div>\n\t\t<\/section>\n\t\t\t\t<section class=\"elementor-section elementor-top-section elementor-element elementor-element-6f07d03 elementor-section-boxed elementor-section-height-default elementor-section-height-default\" data-id=\"6f07d03\" data-element_type=\"section\">\n\t\t\t\t\t\t<div class=\"elementor-container elementor-column-gap-default\">\n\t\t\t\t\t<div class=\"elementor-column elementor-col-100 elementor-top-column elementor-element elementor-element-45eda29\" data-id=\"45eda29\" data-element_type=\"column\">\n\t\t\t<div class=\"elementor-widget-wrap elementor-element-populated\">\n\t\t\t\t\t\t<div class=\"elementor-element elementor-element-1359be7 elementor-widget elementor-widget-heading\" data-id=\"1359be7\" data-element_type=\"widget\" data-widget_type=\"heading.default\">\n\t\t\t\t<div class=\"elementor-widget-container\">\n\t\t\t<h2 class=\"elementor-heading-title elementor-size-default\">Firma de convenio marco intergubernativo entre el  SERGEOMIN y la Gobernaci\u00f3n y la de  Cochabamba<\/h2>\t\t<\/div>\n\t\t\t\t<\/div>\n\t\t\t\t\t<\/div>\n\t\t<\/div>\n\t\t\t\t\t<\/div>\n\t\t<\/section>\n\t\t\t\t<section class=\"elementor-section elementor-top-section elementor-element elementor-element-e3f98cc elementor-section-boxed elementor-section-height-default elementor-section-height-default\" data-id=\"e3f98cc\" data-element_type=\"section\">\n\t\t\t\t\t\t<div class=\"elementor-container elementor-column-gap-default\">\n\t\t\t\t\t<div class=\"elementor-column elementor-col-100 elementor-top-column elementor-element elementor-element-b0753f8\" data-id=\"b0753f8\" data-element_type=\"column\">\n\t\t\t<div class=\"elementor-widget-wrap elementor-element-populated\">\n\t\t\t\t\t\t<div class=\"elementor-element elementor-element-dc39a19 elementor-widget elementor-widget-text-editor\" data-id=\"dc39a19\" data-element_type=\"widget\" data-widget_type=\"text-editor.default\">\n\t\t\t\t<div class=\"elementor-widget-container\">\n\t\t\t\t\t\t\t<p>El Servicio Geol\u00f3gico Minero (SERGEOMIN) y la Gobernaci\u00f3n de Cochabamba, firmaron un convenio Marco Intergubernativo para la ejecuci\u00f3n de proyectos prospecci\u00f3n y exploraci\u00f3n geol\u00f3gica minera en el departamento de Cochabamba.<\/p>\t\t\t\t\t\t<\/div>\n\t\t\t\t<\/div>\n\t\t\t\t\t<\/div>\n\t\t<\/div>\n\t\t\t\t\t<\/div>\n\t\t<\/section>\n\t\t\t\t<section class=\"elementor-section elementor-top-section elementor-element elementor-element-ff00970 elementor-section-boxed elementor-section-height-default elementor-section-height-default\" data-id=\"ff00970\" data-element_type=\"section\">\n\t\t\t\t\t\t<div class=\"elementor-container elementor-column-gap-default\">\n\t\t\t\t\t<div class=\"elementor-column elementor-col-100 elementor-top-column elementor-element elementor-element-261c640\" data-id=\"261c640\" data-element_type=\"column\">\n\t\t\t<div class=\"elementor-widget-wrap elementor-element-populated\">\n\t\t\t\t\t\t<div class=\"elementor-element elementor-element-c4e7f0f elementor-widget elementor-widget-video\" data-id=\"c4e7f0f\" data-element_type=\"widget\" data-settings=\"{&quot;youtube_url&quot;:&quot;https:\\\/\\\/www.youtube.com\\\/watch?v=El0Ori2hVrg&quot;,&quot;video_type&quot;:&quot;youtube&quot;,&quot;controls&quot;:&quot;yes&quot;}\" data-widget_type=\"video.default\">\n\t\t\t\t<div class=\"elementor-widget-container\">\n\t\t\t\t\t<div class=\"elementor-wrapper elementor-open-inline\">\n\t\t\t<div class=\"elementor-video\"><\/div>\t\t<\/div>\n\t\t\t\t<\/div>\n\t\t\t\t<\/div>\n\t\t\t\t\t<\/div>\n\t\t<\/div>\n\t\t\t\t\t<\/div>\n\t\t<\/section>\n\t\t\t\t<section class=\"elementor-section elementor-top-section elementor-element elementor-element-6575cbc elementor-section-boxed elementor-section-height-default elementor-section-height-default\" data-id=\"6575cbc\" data-element_type=\"section\">\n\t\t\t\t\t\t<div class=\"elementor-container elementor-column-gap-default\">\n\t\t\t\t\t<div class=\"elementor-column elementor-col-100 elementor-top-column elementor-element elementor-element-183d622\" data-id=\"183d622\" data-element_type=\"column\">\n\t\t\t<div class=\"elementor-widget-wrap elementor-element-populated\">\n\t\t\t\t\t\t<div class=\"elementor-element elementor-element-c98c856 elementor-view-default elementor-widget elementor-widget-icon\" data-id=\"c98c856\" data-element_type=\"widget\" data-widget_type=\"icon.default\">\n\t\t\t\t<div class=\"elementor-widget-container\">\n\t\t\t\t\t<div class=\"elementor-icon-wrapper\">\n\t\t\t<a class=\"elementor-icon\" href=\"https:\/\/www.sergeomin.gob.bo\/\">\n\t\t\t<i aria-hidden=\"true\" class=\"fas fa-reply\"><\/i>\t\t\t<\/a>\n\t\t<\/div>\n\t\t\t\t<\/div>\n\t\t\t\t<\/div>\n\t\t\t\t\t<\/div>\n\t\t<\/div>\n\t\t\t\t\t<\/div>\n\t\t<\/section>\n\t\t\t\t<section class=\"elementor-section elementor-top-section elementor-element elementor-element-f734fc0 elementor-section-boxed elementor-section-height-default elementor-section-height-default\" data-id=\"f734fc0\" data-element_type=\"section\">\n\t\t\t\t\t\t<div class=\"elementor-container elementor-column-gap-default\">\n\t\t\t\t\t<div class=\"elementor-column elementor-col-100 elementor-top-column elementor-element elementor-element-562d26b\" data-id=\"562d26b\" data-element_type=\"column\">\n\t\t\t<div class=\"elementor-widget-wrap elementor-element-populated\">\n\t\t\t\t\t\t<div class=\"elementor-element elementor-element-f9402bc elementor-widget elementor-widget-spacer\" data-id=\"f9402bc\" data-element_type=\"widget\" data-widget_type=\"spacer.default\">\n\t\t\t\t<div class=\"elementor-widget-container\">\n\t\t\t\t\t<div class=\"elementor-spacer\">\n\t\t\t<div class=\"elementor-spacer-inner\"><\/div>\n\t\t<\/div>\n\t\t\t\t<\/div>\n\t\t\t\t<\/div>\n\t\t\t\t\t<\/div>\n\t\t<\/div>\n\t\t\t\t\t<\/div>\n\t\t<\/section>\n\t\t\t\t<\/div>\n\t\t","protected":false},"excerpt":{"rendered":"<p>Firma de convenio marco intergubernativo entre el SERGEOMIN y la Gobernaci\u00f3n y la de Cochabamba<\/p>\n","protected":false},"author":3,"featured_media":2798,"comment_status":"open","ping_status":"open","sticky":false,"template":"elementor_header_footer","format":"standard","meta":{"footnotes":""},"categories":[1],"tags":[],"class_list":["post-2658","post","type-post","status-publish","format-standard","has-post-thumbnail","hentry","category-destacados"],"_links":{"self":[{"href":"https:\/\/www.sergeomin.gob.bo\/index.php\/wp-json\/wp\/v2\/posts\/2658","targetHints":{"allow":["GET"]}}],"collection":[{"href":"https:\/\/www.sergeomin.gob.bo\/index.php\/wp-json\/wp\/v2\/posts"}],"about":[{"href":"https:\/\/www.sergeomin.gob.bo\/index.php\/wp-json\/wp\/v2\/types\/post"}],"author":[{"embeddable":true,"href":"https:\/\/www.sergeomin.gob.bo\/index.php\/wp-json\/wp\/v2\/users\/3"}],"replies":[{"embeddable":true,"href":"https:\/\/www.sergeomin.gob.bo\/index.php\/wp-json\/wp\/v2\/comments?post=2658"}],"version-history":[{"count":11,"href":"https:\/\/www.sergeomin.gob.bo\/index.php\/wp-json\/wp\/v2\/posts\/2658\/revisions"}],"predecessor-version":[{"id":2861,"href":"https:\/\/www.sergeomin.gob.bo\/index.php\/wp-json\/wp\/v2\/posts\/2658\/revisions\/2861"}],"wp:featuredmedia":[{"embeddable":true,"href":"https:\/\/www.sergeomin.gob.bo\/index.php\/wp-json\/wp\/v2\/media\/2798"}],"wp:attachment":[{"href":"https:\/\/www.sergeomin.gob.bo\/index.php\/wp-json\/wp\/v2\/media?parent=2658"}],"wp:term":[{"taxonomy":"category","embeddable":true,"href":"https:\/\/www.sergeomin.gob.bo\/index.php\/wp-json\/wp\/v2\/categories?post=2658"},{"taxonomy":"post_tag","embeddable":true,"href":"https:\/\/www.sergeomin.gob.bo\/index.php\/wp-json\/wp\/v2\/tags?post=2658"}],"curies":[{"name":"wp","href":"https:\/\/api.w.org\/{rel}","templated":true}]}}