{"id":8166,"date":"2026-09-02T21:34:55","date_gmt":"2026-09-02T21:34:55","guid":{"rendered":"https:\/\/www.sergeomin.gob.bo\/?p=8166"},"modified":"2026-09-02T21:34:56","modified_gmt":"2026-09-02T21:34:56","slug":"sergeomin-fortalece-capacidades-en-geofisica-aplicada","status":"publish","type":"post","link":"https:\/\/www.sergeomin.gob.bo\/index.php\/2026\/09\/02\/sergeomin-fortalece-capacidades-en-geofisica-aplicada\/","title":{"rendered":"SERGEOMIN fortalece capacidades en Geof\u00edsica Aplicada"},"content":{"rendered":"\n<p class=\"wp-block-paragraph\"><\/p>\n\n\n\n<p class=\"wp-block-paragraph\">SERGEOMIN desarroll\u00f3 el Curso-Taller de Geof\u00edsica Aplicada, con la participaci\u00f3n de su equipo t\u00e9cnico y profesionales invitados de COMIBOL, orientado al procesamiento e interpretaci\u00f3n de informaci\u00f3n geof\u00edsica aerotransportada y terrestre, aplicada a la determinaci\u00f3n de la geolog\u00eda y la identificaci\u00f3n de blancos de exploraci\u00f3n.<\/p>\n\n\n\n<figure class=\"wp-block-gallery has-nested-images columns-default is-cropped wp-block-gallery-1 is-layout-flex wp-block-gallery-is-layout-flex\">\n<figure class=\"wp-block-image size-full\"><img fetchpriority=\"high\" decoding=\"async\" width=\"796\" height=\"485\" data-id=\"8168\" src=\"https:\/\/www.sergeomin.gob.bo\/wp-content\/uploads\/2026\/09\/791388591_1507084188129201_7914887805258737596_n-1.jpg\" alt=\"\" class=\"wp-image-8168\" srcset=\"https:\/\/www.sergeomin.gob.bo\/wp-content\/uploads\/2026\/09\/791388591_1507084188129201_7914887805258737596_n-1.jpg 796w, https:\/\/www.sergeomin.gob.bo\/wp-content\/uploads\/2026\/09\/791388591_1507084188129201_7914887805258737596_n-1-766x467.jpg 766w, https:\/\/www.sergeomin.gob.bo\/wp-content\/uploads\/2026\/09\/791388591_1507084188129201_7914887805258737596_n-1-300x183.jpg 300w\" sizes=\"(max-width: 796px) 100vw, 796px\" \/><\/figure>\n<\/figure>\n\n\n\n<p class=\"wp-block-paragraph\">La parte pr\u00e1ctica se desarroll\u00f3 en el Campus Universitario de Cota Cota de la Universidad Mayor de San Andr\u00e9s (UMSA), donde tambi\u00e9n participaron estudiantes de la Maestr\u00eda en Geotecnia Aplicada a Riesgos Geol\u00f3gicos de la Carrera de Ingenier\u00eda Geol\u00f3gica, generando un importante espacio de intercambio de conocimientos entre profesionales, especialistas y estudiantes.<\/p>\n\n\n\n<p class=\"wp-block-paragraph\">La capacitaci\u00f3n permanente es fundamental para fortalecer las capacidades t\u00e9cnicas y garantizar productos de alta calidad, mayor confiabilidad y mejores resultados en los trabajos de investigaci\u00f3n y exploraci\u00f3n geol\u00f3gica.<\/p>\n\n\n\n<figure class=\"wp-block-gallery has-nested-images columns-default is-cropped wp-block-gallery-2 is-layout-flex wp-block-gallery-is-layout-flex\">\n<figure class=\"wp-block-image size-full\"><img decoding=\"async\" width=\"640\" height=\"876\" data-id=\"8167\" src=\"https:\/\/www.sergeomin.gob.bo\/wp-content\/uploads\/2026\/09\/792717585_1507084421462511_1123792291832681499_n-1.jpg\" alt=\"\" class=\"wp-image-8167\" srcset=\"https:\/\/www.sergeomin.gob.bo\/wp-content\/uploads\/2026\/09\/792717585_1507084421462511_1123792291832681499_n-1.jpg 640w, https:\/\/www.sergeomin.gob.bo\/wp-content\/uploads\/2026\/09\/792717585_1507084421462511_1123792291832681499_n-1-219x300.jpg 219w\" sizes=\"(max-width: 640px) 100vw, 640px\" \/><\/figure>\n<\/figure>\n","protected":false},"excerpt":{"rendered":"<p>SERGEOMIN desarroll\u00f3 el Curso-Taller de Geof\u00edsica Aplicada, con la participaci\u00f3n de su equipo t\u00e9cnico y<\/p>\n","protected":false},"author":3,"featured_media":0,"comment_status":"open","ping_status":"open","sticky":false,"template":"","format":"standard","meta":{"footnotes":""},"categories":[1],"tags":[],"class_list":["post-8166","post","type-post","status-publish","format-standard","hentry","category-destacados"],"_links":{"self":[{"href":"https:\/\/www.sergeomin.gob.bo\/index.php\/wp-json\/wp\/v2\/posts\/8166","targetHints":{"allow":["GET"]}}],"collection":[{"href":"https:\/\/www.sergeomin.gob.bo\/index.php\/wp-json\/wp\/v2\/posts"}],"about":[{"href":"https:\/\/www.sergeomin.gob.bo\/index.php\/wp-json\/wp\/v2\/types\/post"}],"author":[{"embeddable":true,"href":"https:\/\/www.sergeomin.gob.bo\/index.php\/wp-json\/wp\/v2\/users\/3"}],"replies":[{"embeddable":true,"href":"https:\/\/www.sergeomin.gob.bo\/index.php\/wp-json\/wp\/v2\/comments?post=8166"}],"version-history":[{"count":1,"href":"https:\/\/www.sergeomin.gob.bo\/index.php\/wp-json\/wp\/v2\/posts\/8166\/revisions"}],"predecessor-version":[{"id":8169,"href":"https:\/\/www.sergeomin.gob.bo\/index.php\/wp-json\/wp\/v2\/posts\/8166\/revisions\/8169"}],"wp:attachment":[{"href":"https:\/\/www.sergeomin.gob.bo\/index.php\/wp-json\/wp\/v2\/media?parent=8166"}],"wp:term":[{"taxonomy":"category","embeddable":true,"href":"https:\/\/www.sergeomin.gob.bo\/index.php\/wp-json\/wp\/v2\/categories?post=8166"},{"taxonomy":"post_tag","embeddable":true,"href":"https:\/\/www.sergeomin.gob.bo\/index.php\/wp-json\/wp\/v2\/tags?post=8166"}],"curies":[{"name":"wp","href":"https:\/\/api.w.org\/{rel}","templated":true}]}}